{"id":1828,"date":"2010-11-16T11:18:54","date_gmt":"2010-11-16T09:18:54","guid":{"rendered":"http:\/\/www.iulianignat.ro\/news\/?p=1828"},"modified":"2010-11-16T11:19:28","modified_gmt":"2010-11-16T09:19:28","slug":"1828","status":"publish","type":"post","link":"https:\/\/www.iulianignat.ro\/news\/2010\/11\/16\/1828\/","title":{"rendered":"F\u0103r\u0103 ast\u00e2mp\u0103r"},"content":{"rendered":"<p><a href=\"http:\/\/www.iulianignat.ro\/news\/wp-content\/uploads\/2010\/11\/ion-pop-a-lu-grigore-paganini.jpg\"><img loading=\"lazy\" class=\"alignnone size-medium wp-image-1829\" title=\"ion-pop-a-lu-grigore-paganini\" src=\"http:\/\/www.iulianignat.ro\/news\/wp-content\/uploads\/2010\/11\/ion-pop-a-lu-grigore-paganini-193x300.jpg\" alt=\"\" width=\"193\" height=\"300\" srcset=\"https:\/\/www.iulianignat.ro\/news\/wp-content\/uploads\/2010\/11\/ion-pop-a-lu-grigore-paganini-193x300.jpg 193w, https:\/\/www.iulianignat.ro\/news\/wp-content\/uploads\/2010\/11\/ion-pop-a-lu-grigore-paganini.jpg 1839w\" sizes=\"(max-width: 193px) 100vw, 193px\" \/><\/a>Vineri dup\u0103 amiaza aranjam fotografiile pe pere\u0163i, \u00eentr-o sal\u0103 pe gustul meu, cu st\u00e2lpi deschi\u015fi la culoare, cu spoturi de lumin\u0103, un spa\u0163iu compact \u015fi intim. M\u0103 uitam dup\u0103 fotografii c\u0103ut\u00e2nd un\u00a0sens de a le aranja pe pere\u0163i, \u015fi \u00eei strigam pe acolo, &#8220;brea Nea Cacuric\u0103, pe unde e\u015fti, Joaquine, Omaro&#8221;. Ini\u0163ial, av\u00e2nd \u00een vedere c\u0103 fotografiile-s f\u0103cute \u00eencep\u00e2nd de prin 2003, m-am g\u00e2ndit c\u0103 poate nu m\u0103 mai reprezint\u0103, am avut un u\u015for dubiu, dar v\u0103z\u00e2ndu-le mari, \u00eenr\u0103mate frumos, m-am sim\u0163it m\u00e2ndru de fiecare din ele. \u015ei m-am bucurat s\u0103-i\u00a0prezint pe ace\u015fti oameni, c\u00e2nt\u0103re\u0163i, arti\u015fti, pe care-i \u00eendr\u0103gesc. Mi-am dat seara c\u00e2\u0163i dintre cei din expozi\u0163ie nu mai sunt prntre noi:\u00a0Cachaito Lopez, Ibrahim Ferrer, Nea Cacuric\u0103, Culai, Costache Negel, Ionu lu Grigore&#8230;Prietenii mei din grupul maramure\u015fan Iza aveau spectacol \u00een acea sear\u0103, al\u0103turi de Ioana Cr\u0103ciunescu, cu &#8220;Electra&#8221; la doi pa\u015fi, la teatru \u015fi i-am invitat s\u0103 vad\u0103 expozi\u0163ia. Ioana Cr\u0103ciunescu era la prima etap\u0103 a petrecerii zilei de na\u015ftere, a\u015fa c\u0103 nu \u015fi-a putut l\u0103sa acolo musafirii, \u00eens\u0103 a venit Anu\u0163a Pop, a privit cu aten\u0163ie fiecare fotografie, a fost \u00eenc\u00e2ntat\u0103 \u015fi mi-a prins foarte bine venirea \u015fi reac\u0163ia ei care \u015ftiu c\u0103-i sincer\u0103. A m\u00e2ng\u00e2iat u\u015for fotografia cu &#8220;Paganini&#8221;, i-a spus c\u00e2teva cuvinte, cu drag,\u00a0c\u0103-i un an de c\u00e2nd s-a dus \u015fi c\u0103 le e tare dor de el. Nu doar pe scen\u0103, ci mai ales \u00een microbuz, la drumuri lungi, c\u00e2nd Paganini c\u00e2nta \u015fi le spunea &#8220;pove\u015fti SF&#8221;. Adic\u0103 inventate de el dar prezentate ca adev\u0103r 100%. . \u00cemi amintesc c\u0103 \u015fi mie \u00eemi povestise cum o visase el pe so\u0163ia lui cu un an \u00eenainte de a o vedea prima oar\u0103 \u015fi cum \u015fi ea \u00eel visase la fel, \u015fi alte d-astea. I-am spus Anu\u0163ei c\u0103 nici \u00een fotografie, Paganini n-are ast\u00e2mp\u0103t, la vreo 10 minute dup\u0103 ce am a\u015fezat toat\u0103 expozi\u0163ia pe pere\u0163i, am auzit un POC \u015fi zgomot de sticl\u0103 spart\u0103: rupsese nailonul \u015fi c\u0103zuse. Paganini n-avea stare, nu putea fizic s\u0103 stea f\u0103r\u0103 s\u0103 c\u00e2nte la vioar\u0103. Odat\u0103, \u00een casa Anu\u0163ei \u015fi a lui Popicu din Hoteni, unde eram invitat cu colegii de redac\u0163ie, l-am chemat pe Paganini s\u0103 ne c\u00e2nte. Venea de la o nunt\u0103, era obosit, dar nu se mai oprea. L-am tras de m\u00e2n\u0103 \u015fi l-am pus la mas\u0103, se a\u015feza, zicea &#8220;sigur, sigur&#8221;, dup\u0103 dou\u0103 minute \u0163\u00e2\u015fnea \u00een picioare \u015fi tot a\u015fa. Fotografia e f\u0103cut\u0103 la Ateneu, \u00een decembrie 2008, la marele succes &#8220;Ultimii rapsozi&#8221;, proiectul lui Grigore Le\u015fe. Dup\u0103 concertul de pe scen\u0103, Paganini a cobor\u00e2t cu trupa lui \u015fi acontinuat s\u0103 c\u00e2nte \u00een hol, se blocaser\u0103 sc\u0103rile de lume, apoi, mai t\u00e2rziu, oamenii plecau, dar Paganini nu se d\u0103dea dus, d\u0103dea zor mai departe. Expozi\u0163ia &#8220;Buena Vista \u015fi alte tarafuri&#8221; poate fi \u00een continuare v\u0103zut\u0103 la sala de la primul nivel a Turnului Sfatului din Sibiu.<\/p>\n","protected":false},"excerpt":{"rendered":"<p>Vineri dup\u0103 amiaza aranjam fotografiile pe pere\u0163i, \u00eentr-o sal\u0103 pe gustul meu, cu st\u00e2lpi deschi\u015fi la culoare, cu spoturi de lumin\u0103, un spa\u0163iu compact \u015fi intim. M\u0103 uitam dup\u0103 fotografii c\u0103ut\u00e2nd un\u00a0sens de a le aranja pe pere\u0163i, \u015fi \u00eei strigam pe acolo, &#8220;brea Nea Cacuric\u0103, pe unde e\u015fti, Joaquine, Omaro&#8221;. Ini\u0163ial, av\u00e2nd \u00een vedere [&hellip;]<\/p>\n","protected":false},"author":1,"featured_media":0,"comment_status":"open","ping_status":"open","sticky":false,"template":"","format":"standard","meta":[],"categories":[1],"tags":[],"_links":{"self":[{"href":"https:\/\/www.iulianignat.ro\/news\/wp-json\/wp\/v2\/posts\/1828"}],"collection":[{"href":"https:\/\/www.iulianignat.ro\/news\/wp-json\/wp\/v2\/posts"}],"about":[{"href":"https:\/\/www.iulianignat.ro\/news\/wp-json\/wp\/v2\/types\/post"}],"author":[{"embeddable":true,"href":"https:\/\/www.iulianignat.ro\/news\/wp-json\/wp\/v2\/users\/1"}],"replies":[{"embeddable":true,"href":"https:\/\/www.iulianignat.ro\/news\/wp-json\/wp\/v2\/comments?post=1828"}],"version-history":[{"count":3,"href":"https:\/\/www.iulianignat.ro\/news\/wp-json\/wp\/v2\/posts\/1828\/revisions"}],"predecessor-version":[{"id":1832,"href":"https:\/\/www.iulianignat.ro\/news\/wp-json\/wp\/v2\/posts\/1828\/revisions\/1832"}],"wp:attachment":[{"href":"https:\/\/www.iulianignat.ro\/news\/wp-json\/wp\/v2\/media?parent=1828"}],"wp:term":[{"taxonomy":"category","embeddable":true,"href":"https:\/\/www.iulianignat.ro\/news\/wp-json\/wp\/v2\/categories?post=1828"},{"taxonomy":"post_tag","embeddable":true,"href":"https:\/\/www.iulianignat.ro\/news\/wp-json\/wp\/v2\/tags?post=1828"}],"curies":[{"name":"wp","href":"https:\/\/api.w.org\/{rel}","templated":true}]}}