{"id":1842,"date":"2010-11-18T19:16:45","date_gmt":"2010-11-18T17:16:45","guid":{"rendered":"http:\/\/www.iulianignat.ro\/news\/?p=1842"},"modified":"2010-11-18T19:16:45","modified_gmt":"2010-11-18T17:16:45","slug":"nu-i-chiar-asa","status":"publish","type":"post","link":"https:\/\/www.iulianignat.ro\/news\/2010\/11\/18\/nu-i-chiar-asa\/","title":{"rendered":"&#8220;Nu-i chiar a\u015fa!&#8221;"},"content":{"rendered":"<p><a href=\"http:\/\/www.iulianignat.ro\/news\/wp-content\/uploads\/2010\/11\/mambo-siria.jpg\"><img loading=\"lazy\" class=\"alignnone size-medium wp-image-1843\" title=\"mambo-siria\" src=\"http:\/\/www.iulianignat.ro\/news\/wp-content\/uploads\/2010\/11\/mambo-siria-300x197.jpg\" alt=\"\" width=\"300\" height=\"197\" \/><\/a>\u00a0Konstantin Schmidt a venit \u00een august la S\u0103p\u00e2n\u0163a \u00een c\u0103utarea unor arti\u015fti pe care s\u0103-i invite la Sibiu World Music Festival. I l-am prezentat pe Nea M\u0103rin \u015echiopu, ce sorbea dintr-o bere, \u00een timp ce b\u0103ie\u0163ii din Mambo Siria se apucaser\u0103 deja de c\u00e2ntat pe paji\u015fte. &#8220;Schmidt&#8221;, a \u00eentins m\u00e2na ardeleanul. Micu\u0163ul sudist s-a uitat \u00een sus la b\u0103rbatul \u00eenalt, cu\u00a0 figur\u0103 aspr\u0103 \u015fi distins\u0103, \u00eembr\u0103cat \u00een alb, cu ochelari fumurii, s-a ridicat \u015fi a zis \u015fi el, \u00eencerc\u00e2nd s\u0103 fie sobru : &#8220;Mambo Siria&#8221;. A urmat dialogul scurt: &#8220;Te rog s\u0103 nu mori p\u00e2n\u0103-n noiembrie, vreau s\u0103 te chem la un festival \u00een Sibiu&#8221;. &#8220;P\u0103i, asta-i cum vrea \u0102l de Sus&#8221;. &#8220;\u0102l de sus sunt eu!&#8221;. La care b\u0103tr\u00e2nelul usc\u0103\u0163iv a avut o reac\u0163ie care mi-a pl\u0103cut la nebunie, o consider esen\u0163a unui bun cre\u015ftin. A z\u00e2mbit amar, abia sesizabil \u015fi i-a r\u0103spuns cu umilin\u0163\u0103, dar f\u0103r\u0103 urm\u0103 de \u00eendoial\u0103 &#8220;E, nu-i chiar a\u015fa!&#8221; A mai tras o gur\u0103 de bere, \u015fi-a a\u015fezat bine basca pe cap, a luat trompeta \u00een bra\u0163e \u015fi s-a dus l\u00e2ng\u0103 ceilal\u0163i s\u0103 se b\u00e2\u0163\u00e2ie \u015fi s\u0103 c\u00e2nte. Mambo Siria nu a fost chemat\u0103 la SWMF ( de la S\u0103p\u00e2n\u0163a, Schmidt i-a recrutat pe Arom\u00e2nii f\u00e2r\u015fero\u0163i\u00a0\u00eempreun\u0103 cu\u00a0Grigore Le\u015fe), dar au ajuns la Sala Thalia prin aceast\u0103 fotografie, al\u0103turi de expozi\u0163ia &#8220;Buena Vista \u015fi alte tarafuri&#8221;. Care r\u0103m\u00e2ne \u00een Sibiu p\u00e2n\u0103 pe 21 noiembrie\u00a0\u00een Turnul Sfatului.<\/p>\n","protected":false},"excerpt":{"rendered":"<p>\u00a0Konstantin Schmidt a venit \u00een august la S\u0103p\u00e2n\u0163a \u00een c\u0103utarea unor arti\u015fti pe care s\u0103-i invite la Sibiu World Music Festival. I l-am prezentat pe Nea M\u0103rin \u015echiopu, ce sorbea dintr-o bere, \u00een timp ce b\u0103ie\u0163ii din Mambo Siria se apucaser\u0103 deja de c\u00e2ntat pe paji\u015fte. &#8220;Schmidt&#8221;, a \u00eentins m\u00e2na ardeleanul. Micu\u0163ul sudist s-a uitat [&hellip;]<\/p>\n","protected":false},"author":1,"featured_media":0,"comment_status":"open","ping_status":"open","sticky":false,"template":"","format":"standard","meta":[],"categories":[1],"tags":[],"_links":{"self":[{"href":"https:\/\/www.iulianignat.ro\/news\/wp-json\/wp\/v2\/posts\/1842"}],"collection":[{"href":"https:\/\/www.iulianignat.ro\/news\/wp-json\/wp\/v2\/posts"}],"about":[{"href":"https:\/\/www.iulianignat.ro\/news\/wp-json\/wp\/v2\/types\/post"}],"author":[{"embeddable":true,"href":"https:\/\/www.iulianignat.ro\/news\/wp-json\/wp\/v2\/users\/1"}],"replies":[{"embeddable":true,"href":"https:\/\/www.iulianignat.ro\/news\/wp-json\/wp\/v2\/comments?post=1842"}],"version-history":[{"count":2,"href":"https:\/\/www.iulianignat.ro\/news\/wp-json\/wp\/v2\/posts\/1842\/revisions"}],"predecessor-version":[{"id":1845,"href":"https:\/\/www.iulianignat.ro\/news\/wp-json\/wp\/v2\/posts\/1842\/revisions\/1845"}],"wp:attachment":[{"href":"https:\/\/www.iulianignat.ro\/news\/wp-json\/wp\/v2\/media?parent=1842"}],"wp:term":[{"taxonomy":"category","embeddable":true,"href":"https:\/\/www.iulianignat.ro\/news\/wp-json\/wp\/v2\/categories?post=1842"},{"taxonomy":"post_tag","embeddable":true,"href":"https:\/\/www.iulianignat.ro\/news\/wp-json\/wp\/v2\/tags?post=1842"}],"curies":[{"name":"wp","href":"https:\/\/api.w.org\/{rel}","templated":true}]}}