{"id":1904,"date":"2010-12-05T19:32:51","date_gmt":"2010-12-05T17:32:51","guid":{"rendered":"http:\/\/www.iulianignat.ro\/news\/?p=1904"},"modified":"2010-12-05T19:32:51","modified_gmt":"2010-12-05T17:32:51","slug":"performanta","status":"publish","type":"post","link":"https:\/\/www.iulianignat.ro\/news\/2010\/12\/05\/performanta\/","title":{"rendered":"Performan\u0163\u0103"},"content":{"rendered":"<p><a href=\"http:\/\/www.iulianignat.ro\/news\/wp-content\/uploads\/2010\/12\/trf941.jpg\"><img loading=\"lazy\" class=\"alignnone size-medium wp-image-1905\" title=\"trf941\" src=\"http:\/\/www.iulianignat.ro\/news\/wp-content\/uploads\/2010\/12\/trf941-187x300.jpg\" alt=\"\" width=\"187\" height=\"300\" \/><\/a>\u00a0Concertul de asear\u0103 de la Sala Radio, &#8220;Grigore Le\u015fe \u015fi ultimii rapsozi&#8221;, a atins\u00a0o cot\u0103 de performan\u0163\u0103\u00a0la \u00a0care pu\u0163ini\u00a0arti\u015fti rom\u00e2ni din sfera muzicii mai ajung, sau \u00eencearc\u0103 s\u0103 ajung\u0103\u00a0zilele astea. Sala a fost plin\u0103 ochi, chiar dac\u0103 biletele au fost scumpe \u015fi vremea odioas\u0103, ceea ce l-a f\u0103cut pe Le\u015fe s\u0103 spun\u0103 pe scen\u0103 c\u0103 n-a mai fost at\u00e2t de emo\u0163ionat la vreun concert p\u00e2n\u0103 acum. Cu doi ani \u00een urm\u0103, sala Ateneului a fost arhiplin\u0103, dar pe invita\u0163ii. Alt\u0103 diferen\u0163\u0103 e c\u0103 atunci Le\u015fe avea un rol de dirijor- comentator- prezentator, \u00een vreme ce acum a c\u00e2ntat mult \u015fi cu folos. I-a avut al\u0103turi pe Popicu \u015fi pe b\u0103rba\u0163ii din grupul maramure\u015fean Iza ( n-a fost nici o femeie pe scen\u0103 asear\u0103 ), pe arom\u00e2nii f\u00e2r\u015fero\u0163i din Cogealac, Dobrogea, \u015fi un grup din R\u00e2\u015fca, Bistri\u0163a, cu colinde s\u0103lbatece, precre\u015ftine. Deci se poate, nu suntem cu to\u0163ii\u00a0p\u0103c\u0103li\u0163i de ma\u015fin\u0103ria de imbecilizare na\u0163ional\u0103, oamenii ies din case c\u00e2nd ar trebui s\u0103 stea sub p\u0103turi, dau o gr\u0103mad\u0103 de bani pentru calitate. O fotografie din septembrie de la &#8220;Tarafuri \u015fi fanfare&#8221;, din Dumbrava Sibiului. Iar fotografiile de la &#8220;Ultimii rapsozi&#8221; 2008 sunt de g\u0103sit aici <a href=\"http:\/\/www.iulianignat.ro\/portfolio_mixed_up.html\">http:\/\/www.iulianignat.ro\/portfolio_mixed_up.html<\/a><\/p>\n","protected":false},"excerpt":{"rendered":"<p>\u00a0Concertul de asear\u0103 de la Sala Radio, &#8220;Grigore Le\u015fe \u015fi ultimii rapsozi&#8221;, a atins\u00a0o cot\u0103 de performan\u0163\u0103\u00a0la \u00a0care pu\u0163ini\u00a0arti\u015fti rom\u00e2ni din sfera muzicii mai ajung, sau \u00eencearc\u0103 s\u0103 ajung\u0103\u00a0zilele astea. Sala a fost plin\u0103 ochi, chiar dac\u0103 biletele au fost scumpe \u015fi vremea odioas\u0103, ceea ce l-a f\u0103cut pe Le\u015fe s\u0103 spun\u0103 pe scen\u0103 c\u0103 [&hellip;]<\/p>\n","protected":false},"author":1,"featured_media":0,"comment_status":"open","ping_status":"open","sticky":false,"template":"","format":"standard","meta":[],"categories":[1],"tags":[],"_links":{"self":[{"href":"https:\/\/www.iulianignat.ro\/news\/wp-json\/wp\/v2\/posts\/1904"}],"collection":[{"href":"https:\/\/www.iulianignat.ro\/news\/wp-json\/wp\/v2\/posts"}],"about":[{"href":"https:\/\/www.iulianignat.ro\/news\/wp-json\/wp\/v2\/types\/post"}],"author":[{"embeddable":true,"href":"https:\/\/www.iulianignat.ro\/news\/wp-json\/wp\/v2\/users\/1"}],"replies":[{"embeddable":true,"href":"https:\/\/www.iulianignat.ro\/news\/wp-json\/wp\/v2\/comments?post=1904"}],"version-history":[{"count":2,"href":"https:\/\/www.iulianignat.ro\/news\/wp-json\/wp\/v2\/posts\/1904\/revisions"}],"predecessor-version":[{"id":1907,"href":"https:\/\/www.iulianignat.ro\/news\/wp-json\/wp\/v2\/posts\/1904\/revisions\/1907"}],"wp:attachment":[{"href":"https:\/\/www.iulianignat.ro\/news\/wp-json\/wp\/v2\/media?parent=1904"}],"wp:term":[{"taxonomy":"category","embeddable":true,"href":"https:\/\/www.iulianignat.ro\/news\/wp-json\/wp\/v2\/categories?post=1904"},{"taxonomy":"post_tag","embeddable":true,"href":"https:\/\/www.iulianignat.ro\/news\/wp-json\/wp\/v2\/tags?post=1904"}],"curies":[{"name":"wp","href":"https:\/\/api.w.org\/{rel}","templated":true}]}}