{"id":6120,"date":"2019-11-15T10:43:04","date_gmt":"2019-11-15T08:43:04","guid":{"rendered":"http:\/\/www.iulianignat.ro\/news\/?p=6120"},"modified":"2019-11-15T10:43:04","modified_gmt":"2019-11-15T08:43:04","slug":"somova-iunie-2019","status":"publish","type":"post","link":"https:\/\/www.iulianignat.ro\/news\/2019\/11\/15\/somova-iunie-2019\/","title":{"rendered":"Somova, iunie 2019"},"content":{"rendered":"<p><a href=\"http:\/\/www.iulianignat.ro\/news\/wp-content\/uploads\/2019\/11\/67231285_455718818584407_7229640826412859392_n.jpg\"><img loading=\"lazy\" class=\"alignnone size-full wp-image-6121\" src=\"http:\/\/www.iulianignat.ro\/news\/wp-content\/uploads\/2019\/11\/67231285_455718818584407_7229640826412859392_n.jpg\" alt=\"\" width=\"1664\" height=\"1059\" srcset=\"https:\/\/www.iulianignat.ro\/news\/wp-content\/uploads\/2019\/11\/67231285_455718818584407_7229640826412859392_n.jpg 1664w, https:\/\/www.iulianignat.ro\/news\/wp-content\/uploads\/2019\/11\/67231285_455718818584407_7229640826412859392_n-300x191.jpg 300w, https:\/\/www.iulianignat.ro\/news\/wp-content\/uploads\/2019\/11\/67231285_455718818584407_7229640826412859392_n-768x489.jpg 768w, https:\/\/www.iulianignat.ro\/news\/wp-content\/uploads\/2019\/11\/67231285_455718818584407_7229640826412859392_n-1024x652.jpg 1024w, https:\/\/www.iulianignat.ro\/news\/wp-content\/uploads\/2019\/11\/67231285_455718818584407_7229640826412859392_n-471x300.jpg 471w\" sizes=\"(max-width: 1664px) 100vw, 1664px\" \/><\/a><\/p>\n<p>Fotografia-i f\u0103cut\u0103 cu ajutorul Sabinei, la \u00eenceputul petrecerii de la revedere a Festivalului de Film Pelicam 2019. Ce gr\u0103din\u0103 superb\u0103, mi-am zis c\u00e2nd am ajuns la Somova, asta p\u00e2n\u0103 ce am mers la marginea ei \u0219i-am v\u0103zut lacurile \u0219i tot ce se a\u0219ternea \u00een zare. Petrecerea \u0219i atmosfera de la Pelicam au r\u0103mas acolo, nu se mai repet\u0103, dar filmele ajung zilele astea la Bucure\u0219ti. Filme puternice, bine f\u0103cute, despre mediul \u0219i lumea \u00een care tr\u0103im.<\/p>\n<p>http:\/\/arhiva.formula-as.ro\/2019\/1376\/planete-culturale-30\/pelicam-2019-festival-de-film-despre-mediu-si-oameni-25484<\/p>\n","protected":false},"excerpt":{"rendered":"<p>Fotografia-i f\u0103cut\u0103 cu ajutorul Sabinei, la \u00eenceputul petrecerii de la revedere a Festivalului de Film Pelicam 2019. Ce gr\u0103din\u0103 superb\u0103, mi-am zis c\u00e2nd am ajuns la Somova, asta p\u00e2n\u0103 ce am mers la marginea ei \u0219i-am v\u0103zut lacurile \u0219i tot ce se a\u0219ternea \u00een zare. Petrecerea \u0219i atmosfera de la Pelicam au r\u0103mas acolo, nu [&hellip;]<\/p>\n","protected":false},"author":1,"featured_media":0,"comment_status":"open","ping_status":"open","sticky":false,"template":"","format":"standard","meta":[],"categories":[1],"tags":[],"_links":{"self":[{"href":"https:\/\/www.iulianignat.ro\/news\/wp-json\/wp\/v2\/posts\/6120"}],"collection":[{"href":"https:\/\/www.iulianignat.ro\/news\/wp-json\/wp\/v2\/posts"}],"about":[{"href":"https:\/\/www.iulianignat.ro\/news\/wp-json\/wp\/v2\/types\/post"}],"author":[{"embeddable":true,"href":"https:\/\/www.iulianignat.ro\/news\/wp-json\/wp\/v2\/users\/1"}],"replies":[{"embeddable":true,"href":"https:\/\/www.iulianignat.ro\/news\/wp-json\/wp\/v2\/comments?post=6120"}],"version-history":[{"count":1,"href":"https:\/\/www.iulianignat.ro\/news\/wp-json\/wp\/v2\/posts\/6120\/revisions"}],"predecessor-version":[{"id":6122,"href":"https:\/\/www.iulianignat.ro\/news\/wp-json\/wp\/v2\/posts\/6120\/revisions\/6122"}],"wp:attachment":[{"href":"https:\/\/www.iulianignat.ro\/news\/wp-json\/wp\/v2\/media?parent=6120"}],"wp:term":[{"taxonomy":"category","embeddable":true,"href":"https:\/\/www.iulianignat.ro\/news\/wp-json\/wp\/v2\/categories?post=6120"},{"taxonomy":"post_tag","embeddable":true,"href":"https:\/\/www.iulianignat.ro\/news\/wp-json\/wp\/v2\/tags?post=6120"}],"curies":[{"name":"wp","href":"https:\/\/api.w.org\/{rel}","templated":true}]}}