{"id":6270,"date":"2020-05-05T13:25:42","date_gmt":"2020-05-05T11:25:42","guid":{"rendered":"http:\/\/www.iulianignat.ro\/news\/?p=6270"},"modified":"2020-05-05T13:25:58","modified_gmt":"2020-05-05T11:25:58","slug":"tara-lapusului-iulie-2017-vii","status":"publish","type":"post","link":"https:\/\/www.iulianignat.ro\/news\/2020\/05\/05\/tara-lapusului-iulie-2017-vii\/","title":{"rendered":"\u021aara L\u0103pu\u0219ului, iulie 2017 VII"},"content":{"rendered":"<p><a href=\"http:\/\/www.iulianignat.ro\/news\/wp-content\/uploads\/2020\/05\/Lapus832.jpg\"><img loading=\"lazy\" class=\"alignnone size-full wp-image-6272\" src=\"http:\/\/www.iulianignat.ro\/news\/wp-content\/uploads\/2020\/05\/Lapus832.jpg\" alt=\"\" width=\"1659\" height=\"2608\" srcset=\"https:\/\/www.iulianignat.ro\/news\/wp-content\/uploads\/2020\/05\/Lapus832.jpg 1659w, https:\/\/www.iulianignat.ro\/news\/wp-content\/uploads\/2020\/05\/Lapus832-191x300.jpg 191w, https:\/\/www.iulianignat.ro\/news\/wp-content\/uploads\/2020\/05\/Lapus832-768x1207.jpg 768w, https:\/\/www.iulianignat.ro\/news\/wp-content\/uploads\/2020\/05\/Lapus832-651x1024.jpg 651w\" sizes=\"(max-width: 1659px) 100vw, 1659px\" \/><\/a>\u00a0Prima sear\u0103 la Rogoz mi-am petrecut-o \u00een curtea bisericii \u00eenalte din lemn, unde au c\u00e2ntat Nicolae Pi\u021bi\u0219 \u0219i Maria Casandra H\u0103u\u0219i. Se \u00eenserase deja c\u00e2nd am trecut \u00een curtea de l\u00e2ng\u0103, \u00een care se afla vechea biseric\u0103 a satului, monunent istoric, \u0219i c\u00e2nd scriu veche, vorbesc de anul 1663. Pere\u021bii exteriori g\u0103zduiau o expozi\u021bie cu fotografii curate, colorate, ce ar\u0103tau frumuse\u021bile locului. Inclusiv copii, b\u0103tr\u0103ni. Am r\u0103mas pironit \u00een fa\u021ba unui prim plan cu o t\u00e2n\u0103r\u0103 de o frumuse\u021be uluitoare, un chip cu ochi alba\u0219tri pu\u0219i \u00een valoare de broboada ce-i \u00eencadra fa\u021ba. Mi-a r\u0103mas \u00een minte ceva timp \u0219i dup\u0103 ce am plecat de la biseric\u0103 \u0219i m-am plimbat uit\u00e2ndu-m\u0103 la norii grei, din ce \u00een ce mai apropia\u021bi, ce se luminau de fulgere. Peste dou\u0103 zile, eram invita\u021bi \u00eentr-un sat apropiat, la vernisajul expozi\u021biei unei tabere de arte plastice. Amfitrionul \u00eencepuse s\u0103 vorbeasc\u0103 lucruri prea inteligente \u0219i sublime pentru mine, a\u0219a c\u0103 am mers \u00een fundul cur\u021bii, unde fierbeau dou\u0103 mari ceaune. Razele soarelui se filtrau printre fum \u0219i ramurile copacilor. Erau vreo trei oameni la ceaune, doi copii \u0219i o fat\u0103. Am salutat, am primit un pahat cu ap\u0103 \u0219i m-am holbat ca prostul la fat\u0103. Avea p\u0103rul prins \u00een coad\u0103 de cal, jean\u0219i \u0219i tricou negru. C\u00e2teodat\u0103, fotografia pune sau scoate din valoare un chip, o lumin\u0103, un unghi, o lentil\u0103 potrivit\u0103 produc un portret ce te fascinea\u0103, dar c\u00e2nd te \u00eent\u00e2lne\u0219ti cu acea persoan\u0103 te \u00eentrebi cum naiba poate fi at\u00e2t de diferit\u0103. Ioana \u00een persoan\u0103 p\u0103stra aceea\u0219i frumuse\u021be pur\u0103, izbitoare, precum fotografia cu Ioana din costum tradi\u021bional. Chiar \u0219i atunci c\u00e2nd vorbea, se mi\u0219ca, nimic nu era contraf\u0103cut, ci o continuare firesc\u0103 a frumuse\u021bii naturale. P\u0103rin\u021bii ei erau acolo, se ocupau de masa de dup\u0103 vernisaj. I-am povestit Ioanei cum v\u0103zusem fotografia de pe peretele bisericii \u0219i c\u00e2t de mult mi-ar pl\u0103cea s\u0103 \u00eencerc\u0103m s\u0103 facem fotografii \u00eempreun\u0103. S-a bucurat, n-am z\u0103rit nici o urm\u0103 de vanitate, de \u00eeng\u00e2mfare de div\u0103, pur \u0219i simplu s-a bucuratt. Dar cum s\u0103 facem, ea trebuie s\u0103 \u00eenv\u00e2rt\u0103 la ceaun, s\u0103-\u0219i ajute p\u0103rin\u021bii? Poate doar cinci minute. Ca orice om care-\u0219i dore\u0219te s\u0103-\u0219i ia o po\u0219etu\u021b\u0103 sau un f\u0103c\u0103le\u021b \u00een cap, i-am propus s\u0103 mergem \u00een \u0219ur\u0103, acolo unde erau c\u00e2teva lucr\u0103ri expuse, soarele nu b\u0103tea, \u0219i nu se holba nimeni la noi. \u0218i am mers \u00een \u0219ur\u0103, am r\u00e2s, am tras \u0219apte cadre \u0219i, dup\u0103 cinci minute, am condus-o \u00eenapoi la p\u0103rin\u021bi. M-a \u00eentrebat ce p\u0103rere am, s\u0103 dea la facultate la Baia Mare, la Cluj, sau la Bucure\u0219ti? Cluj sau Baia Mare sun\u0103 bine, dar eu zic c\u0103 la Bucure\u0219ti, mai bine nu.<\/p>\n","protected":false},"excerpt":{"rendered":"<p>\u00a0Prima sear\u0103 la Rogoz mi-am petrecut-o \u00een curtea bisericii \u00eenalte din lemn, unde au c\u00e2ntat Nicolae Pi\u021bi\u0219 \u0219i Maria Casandra H\u0103u\u0219i. Se \u00eenserase deja c\u00e2nd am trecut \u00een curtea de l\u00e2ng\u0103, \u00een care se afla vechea biseric\u0103 a satului, monunent istoric, \u0219i c\u00e2nd scriu veche, vorbesc de anul 1663. Pere\u021bii exteriori g\u0103zduiau o expozi\u021bie cu [&hellip;]<\/p>\n","protected":false},"author":1,"featured_media":0,"comment_status":"open","ping_status":"open","sticky":false,"template":"","format":"standard","meta":[],"categories":[1],"tags":[],"_links":{"self":[{"href":"https:\/\/www.iulianignat.ro\/news\/wp-json\/wp\/v2\/posts\/6270"}],"collection":[{"href":"https:\/\/www.iulianignat.ro\/news\/wp-json\/wp\/v2\/posts"}],"about":[{"href":"https:\/\/www.iulianignat.ro\/news\/wp-json\/wp\/v2\/types\/post"}],"author":[{"embeddable":true,"href":"https:\/\/www.iulianignat.ro\/news\/wp-json\/wp\/v2\/users\/1"}],"replies":[{"embeddable":true,"href":"https:\/\/www.iulianignat.ro\/news\/wp-json\/wp\/v2\/comments?post=6270"}],"version-history":[{"count":2,"href":"https:\/\/www.iulianignat.ro\/news\/wp-json\/wp\/v2\/posts\/6270\/revisions"}],"predecessor-version":[{"id":6273,"href":"https:\/\/www.iulianignat.ro\/news\/wp-json\/wp\/v2\/posts\/6270\/revisions\/6273"}],"wp:attachment":[{"href":"https:\/\/www.iulianignat.ro\/news\/wp-json\/wp\/v2\/media?parent=6270"}],"wp:term":[{"taxonomy":"category","embeddable":true,"href":"https:\/\/www.iulianignat.ro\/news\/wp-json\/wp\/v2\/categories?post=6270"},{"taxonomy":"post_tag","embeddable":true,"href":"https:\/\/www.iulianignat.ro\/news\/wp-json\/wp\/v2\/tags?post=6270"}],"curies":[{"name":"wp","href":"https:\/\/api.w.org\/{rel}","templated":true}]}}